{"id":1070,"date":"2024-03-04T17:34:37","date_gmt":"2024-03-04T16:34:37","guid":{"rendered":"https:\/\/laravital.com\/blog\/?p=1070"},"modified":"2025-11-20T16:47:52","modified_gmt":"2025-11-20T15:47:52","slug":"primavera-uma-estacao-de-alegria-e-precaucao-para-o-teu-animal-de-estimacao","status":"publish","type":"post","link":"https:\/\/laravital.com\/blog\/pt-pt\/primavera-uma-estacao-de-alegria-e-precaucao-para-o-teu-animal-de-estimacao\/","title":{"rendered":"Primavera: Uma esta\u00e7\u00e3o de alegria e precau\u00e7\u00e3o para o teu animal de estima\u00e7\u00e3o"},"content":{"rendered":"<p>Com a chegada da primavera, os nossos dias enchem-se de sol, flores em plena flora\u00e7\u00e3o e uma energia renovada no ar. No entanto, para os nossos fi\u00e9is companheiros, esta esta\u00e7\u00e3o tamb\u00e9m pode trazer uma s\u00e9rie de efeitos secund\u00e1rios que, como donos respons\u00e1veis, devemos estar preparados para enfrentar.<\/p>\n<p>Na LaraVital, sabemos da import\u00e2ncia de cuidar dos nossos animais de estima\u00e7\u00e3o durante esta primavera e dos fatores que podem ser potencialmente problem\u00e1ticos para eles.<\/p>\n<h2>1. Alergias primaveris:<\/h2>\n<p>A primavera \u00e9 sin\u00f3nimo de alergias n\u00e3o s\u00f3 para os humanos, mas tamb\u00e9m para os nossos animais de estima\u00e7\u00e3o. O p\u00f3len, as ervas e as flores podem causar comich\u00e3o, espirros e mal-estar geral em c\u00e3es e gatos. Observar os sintomas e agir rapidamente \u00e9 fundamental para o seu bem-estar.<\/p>\n<h2>2. Parasit\u00e1rios externos:<\/h2>\n<p>O clima quente traz consigo um aumento na atividade de parasitas como pulgas, carra\u00e7as e mosquitos, portadores de doen\u00e7as perigosas como a leishmaniose. A preven\u00e7\u00e3o atrav\u00e9s de tratamentos antiparasit\u00e1rios adequados \u00e9 essencial para proteger os nossos animais.<\/p>\n<h2>3. Mudan\u00e7as na dieta e na atividade:<\/h2>\n<p>Com a mudan\u00e7a de esta\u00e7\u00e3o, os nossos animais podem experimentar um aumento no seu n\u00edvel de atividade, o que pode exigir ajustes na sua dieta.<\/p>\n<p>Al\u00e9m disso, a primavera oferece uma variedade de tenta\u00e7\u00f5es perigosas, como plantas t\u00f3xicas ou alimentos inseguros que podem estar expostos durante os passeios ao ar livre.<\/p>\n<h2>4. Stress devido a mudan\u00e7as ambientais:<\/h2>\n<p>Tal como os humanos, os animais podem experienciar stress devido \u00e0s mudan\u00e7as sazonais. A adapta\u00e7\u00e3o a novos hor\u00e1rios, temperaturas e n\u00edveis de atividade pode afetar o seu comportamento e bem-estar emocional.<\/p>\n<p>A primavera, embora seja uma \u00e9poca de que todos gostamos, \u00e9 um lembrete da necessidade constante de cuidado e aten\u00e7\u00e3o para com os nossos animais de estima\u00e7\u00e3o.<\/p>\n<p>Na LaraVital, estamos comprometidos em oferecer-te os melhores produtos e conselhos para garantir que o teu amigo peludo desfruta desta esta\u00e7\u00e3o tanto quanto tu.<\/p>\n<p>Se quiseres saber como ajudar mais os teus animais, podes ficar atento aos nossos pr\u00f3ximos artigos, onde aprofundaremos cada uma destas problem\u00e1ticas primaveris e te ofereceremos solu\u00e7\u00f5es espec\u00edficas para proteger o teu animal.<\/p>\n<p>Desde tratamentos antiparasit\u00e1rios at\u00e9 suplementos nutricionais, na LaraVital encontrar\u00e1s tudo o que \u00e9 necess\u00e1rio para um cuidado integral do teu animal de estima\u00e7\u00e3o nesta primavera.<\/p>\n","protected":false},"excerpt":{"rendered":"<p>Com a chegada da primavera, os nossos dias enchem-se de sol, flores em plena flora\u00e7\u00e3o e uma energia renovada no ar. No entanto, para os nossos fi\u00e9is companheiros, esta esta\u00e7\u00e3o tamb\u00e9m pode trazer uma s\u00e9rie de efeitos secund\u00e1rios que, como donos respons\u00e1veis, devemos estar preparados para enfrentar. Na LaraVital, sabemos da import\u00e2ncia de cuidar dos &hellip;<\/p>\n<p class=\"read-more\"> <a class=\"\" href=\"https:\/\/laravital.com\/blog\/pt-pt\/primavera-uma-estacao-de-alegria-e-precaucao-para-o-teu-animal-de-estimacao\/\"> <span class=\"screen-reader-text\">Primavera: Uma esta\u00e7\u00e3o de alegria e precau\u00e7\u00e3o para o teu animal de estima\u00e7\u00e3o<\/span> Read More \u00bb<\/a><\/p>\n","protected":false},"author":5,"featured_media":885,"comment_status":"closed","ping_status":"closed","sticky":false,"template":"","format":"standard","meta":{"site-sidebar-layout":"default","site-content-layout":"default","ast-global-header-display":"","ast-main-header-display":"","ast-hfb-above-header-display":"","ast-hfb-below-header-display":"","ast-hfb-mobile-header-display":"","site-post-title":"","ast-breadcrumbs-content":"","ast-featured-img":"","footer-sml-layout":"","theme-transparent-header-meta":"default","adv-header-id-meta":"","stick-header-meta":"default","header-above-stick-meta":"","header-main-stick-meta":"","header-below-stick-meta":"","footnotes":""},"categories":[40],"tags":[],"class_list":["post-1070","post","type-post","status-publish","format-standard","has-post-thumbnail","hentry","category-saude-e-bem-estar"],"yoast_head":"<!-- This site is optimized with the Yoast SEO plugin v26.2 - https:\/\/yoast.com\/wordpress\/plugins\/seo\/ -->\n<title>Primavera: Uma esta\u00e7\u00e3o de alegria e precau\u00e7\u00e3o para o teu animal de estima\u00e7\u00e3o - LaraVital Blog<\/title>\n<meta name=\"robots\" content=\"index, follow, max-snippet:-1, max-image-preview:large, max-video-preview:-1\" \/>\n<link rel=\"canonical\" href=\"https:\/\/laravital.com\/blog\/pt-pt\/primavera-uma-estacao-de-alegria-e-precaucao-para-o-teu-animal-de-estimacao\/\" \/>\n<meta property=\"og:locale\" content=\"pt_PT\" \/>\n<meta property=\"og:type\" content=\"article\" \/>\n<meta property=\"og:title\" content=\"Primavera: Uma esta\u00e7\u00e3o de alegria e precau\u00e7\u00e3o para o teu animal de estima\u00e7\u00e3o - LaraVital Blog\" \/>\n<meta property=\"og:description\" content=\"Com a chegada da primavera, os nossos dias enchem-se de sol, flores em plena flora\u00e7\u00e3o e uma energia renovada no ar. No entanto, para os nossos fi\u00e9is companheiros, esta esta\u00e7\u00e3o tamb\u00e9m pode trazer uma s\u00e9rie de efeitos secund\u00e1rios que, como donos respons\u00e1veis, devemos estar preparados para enfrentar. Na LaraVital, sabemos da import\u00e2ncia de cuidar dos &hellip; Primavera: Uma esta\u00e7\u00e3o de alegria e precau\u00e7\u00e3o para o teu animal de estima\u00e7\u00e3o Read More \u00bb\" \/>\n<meta property=\"og:url\" content=\"https:\/\/laravital.com\/blog\/pt-pt\/primavera-uma-estacao-de-alegria-e-precaucao-para-o-teu-animal-de-estimacao\/\" \/>\n<meta property=\"og:site_name\" content=\"LaraVital Blog\" \/>\n<meta property=\"article:publisher\" content=\"https:\/\/www.facebook.com\/laravitaltienda\/\" \/>\n<meta property=\"article:published_time\" content=\"2024-03-04T16:34:37+00:00\" \/>\n<meta property=\"article:modified_time\" content=\"2025-11-20T15:47:52+00:00\" \/>\n<meta property=\"og:image\" content=\"https:\/\/laravital.com\/blog\/wp-content\/uploads\/2024\/03\/primavera-2024-laravital.png\" \/>\n\t<meta property=\"og:image:width\" content=\"960\" \/>\n\t<meta property=\"og:image:height\" content=\"338\" \/>\n\t<meta property=\"og:image:type\" content=\"image\/png\" \/>\n<meta name=\"author\" content=\"Laravital\" \/>\n<meta name=\"twitter:card\" content=\"summary_large_image\" \/>\n<meta name=\"twitter:creator\" content=\"@laravitales\" \/>\n<meta name=\"twitter:site\" content=\"@laravitales\" \/>\n<meta name=\"twitter:label1\" content=\"Escrito por\" \/>\n\t<meta name=\"twitter:data1\" content=\"Laravital\" \/>\n\t<meta name=\"twitter:label2\" content=\"Tempo estimado de leitura\" \/>\n\t<meta name=\"twitter:data2\" content=\"2 minutos\" \/>\n<script type=\"application\/ld+json\" class=\"yoast-schema-graph\">{\"@context\":\"https:\/\/schema.org\",\"@graph\":[{\"@type\":\"Article\",\"@id\":\"https:\/\/laravital.com\/blog\/pt-pt\/primavera-uma-estacao-de-alegria-e-precaucao-para-o-teu-animal-de-estimacao\/#article\",\"isPartOf\":{\"@id\":\"https:\/\/laravital.com\/blog\/pt-pt\/primavera-uma-estacao-de-alegria-e-precaucao-para-o-teu-animal-de-estimacao\/\"},\"author\":{\"name\":\"Laravital\",\"@id\":\"https:\/\/laravital.wilfrido.es\/#\/schema\/person\/5817cf374cceb7e63fa6867e91e89af4\"},\"headline\":\"Primavera: Uma esta\u00e7\u00e3o de alegria e precau\u00e7\u00e3o para o teu animal de estima\u00e7\u00e3o\",\"datePublished\":\"2024-03-04T16:34:37+00:00\",\"dateModified\":\"2025-11-20T15:47:52+00:00\",\"mainEntityOfPage\":{\"@id\":\"https:\/\/laravital.com\/blog\/pt-pt\/primavera-uma-estacao-de-alegria-e-precaucao-para-o-teu-animal-de-estimacao\/\"},\"wordCount\":421,\"publisher\":{\"@id\":\"https:\/\/laravital.wilfrido.es\/#organization\"},\"image\":{\"@id\":\"https:\/\/laravital.com\/blog\/pt-pt\/primavera-uma-estacao-de-alegria-e-precaucao-para-o-teu-animal-de-estimacao\/#primaryimage\"},\"thumbnailUrl\":\"https:\/\/laravital.com\/blog\/wp-content\/uploads\/2024\/03\/primavera-2024-laravital.png\",\"articleSection\":[\"Sa\u00fade e bem-estar\"],\"inLanguage\":\"pt-PT\"},{\"@type\":\"WebPage\",\"@id\":\"https:\/\/laravital.com\/blog\/pt-pt\/primavera-uma-estacao-de-alegria-e-precaucao-para-o-teu-animal-de-estimacao\/\",\"url\":\"https:\/\/laravital.com\/blog\/pt-pt\/primavera-uma-estacao-de-alegria-e-precaucao-para-o-teu-animal-de-estimacao\/\",\"name\":\"Primavera: Uma esta\u00e7\u00e3o de alegria e precau\u00e7\u00e3o para o teu animal de estima\u00e7\u00e3o - LaraVital Blog\",\"isPartOf\":{\"@id\":\"https:\/\/laravital.wilfrido.es\/#website\"},\"primaryImageOfPage\":{\"@id\":\"https:\/\/laravital.com\/blog\/pt-pt\/primavera-uma-estacao-de-alegria-e-precaucao-para-o-teu-animal-de-estimacao\/#primaryimage\"},\"image\":{\"@id\":\"https:\/\/laravital.com\/blog\/pt-pt\/primavera-uma-estacao-de-alegria-e-precaucao-para-o-teu-animal-de-estimacao\/#primaryimage\"},\"thumbnailUrl\":\"https:\/\/laravital.com\/blog\/wp-content\/uploads\/2024\/03\/primavera-2024-laravital.png\",\"datePublished\":\"2024-03-04T16:34:37+00:00\",\"dateModified\":\"2025-11-20T15:47:52+00:00\",\"breadcrumb\":{\"@id\":\"https:\/\/laravital.com\/blog\/pt-pt\/primavera-uma-estacao-de-alegria-e-precaucao-para-o-teu-animal-de-estimacao\/#breadcrumb\"},\"inLanguage\":\"pt-PT\",\"potentialAction\":[{\"@type\":\"ReadAction\",\"target\":[\"https:\/\/laravital.com\/blog\/pt-pt\/primavera-uma-estacao-de-alegria-e-precaucao-para-o-teu-animal-de-estimacao\/\"]}]},{\"@type\":\"ImageObject\",\"inLanguage\":\"pt-PT\",\"@id\":\"https:\/\/laravital.com\/blog\/pt-pt\/primavera-uma-estacao-de-alegria-e-precaucao-para-o-teu-animal-de-estimacao\/#primaryimage\",\"url\":\"https:\/\/laravital.com\/blog\/wp-content\/uploads\/2024\/03\/primavera-2024-laravital.png\",\"contentUrl\":\"https:\/\/laravital.com\/blog\/wp-content\/uploads\/2024\/03\/primavera-2024-laravital.png\",\"width\":960,\"height\":338},{\"@type\":\"BreadcrumbList\",\"@id\":\"https:\/\/laravital.com\/blog\/pt-pt\/primavera-uma-estacao-de-alegria-e-precaucao-para-o-teu-animal-de-estimacao\/#breadcrumb\",\"itemListElement\":[{\"@type\":\"ListItem\",\"position\":1,\"name\":\"Portada\",\"item\":\"https:\/\/laravital.com\/blog\/pt-pt\/blog\/\"},{\"@type\":\"ListItem\",\"position\":2,\"name\":\"Primavera: Uma esta\u00e7\u00e3o de alegria e precau\u00e7\u00e3o para o teu animal de estima\u00e7\u00e3o\"}]},{\"@type\":\"WebSite\",\"@id\":\"https:\/\/laravital.wilfrido.es\/#website\",\"url\":\"https:\/\/laravital.wilfrido.es\/\",\"name\":\"LaraVital Blog\",\"description\":\"El blog canino m\u00e1s popular\",\"publisher\":{\"@id\":\"https:\/\/laravital.wilfrido.es\/#organization\"},\"potentialAction\":[{\"@type\":\"SearchAction\",\"target\":{\"@type\":\"EntryPoint\",\"urlTemplate\":\"https:\/\/laravital.wilfrido.es\/?s={search_term_string}\"},\"query-input\":{\"@type\":\"PropertyValueSpecification\",\"valueRequired\":true,\"valueName\":\"search_term_string\"}}],\"inLanguage\":\"pt-PT\"},{\"@type\":\"Organization\",\"@id\":\"https:\/\/laravital.wilfrido.es\/#organization\",\"name\":\"Laravital.com\",\"url\":\"https:\/\/laravital.wilfrido.es\/\",\"logo\":{\"@type\":\"ImageObject\",\"inLanguage\":\"pt-PT\",\"@id\":\"https:\/\/laravital.wilfrido.es\/#\/schema\/logo\/image\/\",\"url\":\"https:\/\/laravital.com\/blog\/wp-content\/uploads\/2023\/01\/cropped-cropped-laravital-logo.png\",\"contentUrl\":\"https:\/\/laravital.com\/blog\/wp-content\/uploads\/2023\/01\/cropped-cropped-laravital-logo.png\",\"width\":370,\"height\":94,\"caption\":\"Laravital.com\"},\"image\":{\"@id\":\"https:\/\/laravital.wilfrido.es\/#\/schema\/logo\/image\/\"},\"sameAs\":[\"https:\/\/www.facebook.com\/laravitaltienda\/\",\"https:\/\/x.com\/laravitales\",\"https:\/\/www.instagram.com\/laravitales\/\"]},{\"@type\":\"Person\",\"@id\":\"https:\/\/laravital.wilfrido.es\/#\/schema\/person\/5817cf374cceb7e63fa6867e91e89af4\",\"name\":\"Laravital\",\"image\":{\"@type\":\"ImageObject\",\"inLanguage\":\"pt-PT\",\"@id\":\"https:\/\/laravital.wilfrido.es\/#\/schema\/person\/image\/\",\"url\":\"https:\/\/secure.gravatar.com\/avatar\/3a57529a2e8fc8805bc8d74cf4f18e9fceace5e3e746a9361dfb7d979838844e?s=96&d=mm&r=g\",\"contentUrl\":\"https:\/\/secure.gravatar.com\/avatar\/3a57529a2e8fc8805bc8d74cf4f18e9fceace5e3e746a9361dfb7d979838844e?s=96&d=mm&r=g\",\"caption\":\"Laravital\"}}]}<\/script>\n<!-- \/ Yoast SEO plugin. -->","yoast_head_json":{"title":"Primavera: Uma esta\u00e7\u00e3o de alegria e precau\u00e7\u00e3o para o teu animal de estima\u00e7\u00e3o - LaraVital Blog","robots":{"index":"index","follow":"follow","max-snippet":"max-snippet:-1","max-image-preview":"max-image-preview:large","max-video-preview":"max-video-preview:-1"},"canonical":"https:\/\/laravital.com\/blog\/pt-pt\/primavera-uma-estacao-de-alegria-e-precaucao-para-o-teu-animal-de-estimacao\/","og_locale":"pt_PT","og_type":"article","og_title":"Primavera: Uma esta\u00e7\u00e3o de alegria e precau\u00e7\u00e3o para o teu animal de estima\u00e7\u00e3o - LaraVital Blog","og_description":"Com a chegada da primavera, os nossos dias enchem-se de sol, flores em plena flora\u00e7\u00e3o e uma energia renovada no ar. No entanto, para os nossos fi\u00e9is companheiros, esta esta\u00e7\u00e3o tamb\u00e9m pode trazer uma s\u00e9rie de efeitos secund\u00e1rios que, como donos respons\u00e1veis, devemos estar preparados para enfrentar. Na LaraVital, sabemos da import\u00e2ncia de cuidar dos &hellip; Primavera: Uma esta\u00e7\u00e3o de alegria e precau\u00e7\u00e3o para o teu animal de estima\u00e7\u00e3o Read More \u00bb","og_url":"https:\/\/laravital.com\/blog\/pt-pt\/primavera-uma-estacao-de-alegria-e-precaucao-para-o-teu-animal-de-estimacao\/","og_site_name":"LaraVital Blog","article_publisher":"https:\/\/www.facebook.com\/laravitaltienda\/","article_published_time":"2024-03-04T16:34:37+00:00","article_modified_time":"2025-11-20T15:47:52+00:00","og_image":[{"width":960,"height":338,"url":"https:\/\/laravital.com\/blog\/wp-content\/uploads\/2024\/03\/primavera-2024-laravital.png","type":"image\/png"}],"author":"Laravital","twitter_card":"summary_large_image","twitter_creator":"@laravitales","twitter_site":"@laravitales","twitter_misc":{"Escrito por":"Laravital","Tempo estimado de leitura":"2 minutos"},"schema":{"@context":"https:\/\/schema.org","@graph":[{"@type":"Article","@id":"https:\/\/laravital.com\/blog\/pt-pt\/primavera-uma-estacao-de-alegria-e-precaucao-para-o-teu-animal-de-estimacao\/#article","isPartOf":{"@id":"https:\/\/laravital.com\/blog\/pt-pt\/primavera-uma-estacao-de-alegria-e-precaucao-para-o-teu-animal-de-estimacao\/"},"author":{"name":"Laravital","@id":"https:\/\/laravital.wilfrido.es\/#\/schema\/person\/5817cf374cceb7e63fa6867e91e89af4"},"headline":"Primavera: Uma esta\u00e7\u00e3o de alegria e precau\u00e7\u00e3o para o teu animal de estima\u00e7\u00e3o","datePublished":"2024-03-04T16:34:37+00:00","dateModified":"2025-11-20T15:47:52+00:00","mainEntityOfPage":{"@id":"https:\/\/laravital.com\/blog\/pt-pt\/primavera-uma-estacao-de-alegria-e-precaucao-para-o-teu-animal-de-estimacao\/"},"wordCount":421,"publisher":{"@id":"https:\/\/laravital.wilfrido.es\/#organization"},"image":{"@id":"https:\/\/laravital.com\/blog\/pt-pt\/primavera-uma-estacao-de-alegria-e-precaucao-para-o-teu-animal-de-estimacao\/#primaryimage"},"thumbnailUrl":"https:\/\/laravital.com\/blog\/wp-content\/uploads\/2024\/03\/primavera-2024-laravital.png","articleSection":["Sa\u00fade e bem-estar"],"inLanguage":"pt-PT"},{"@type":"WebPage","@id":"https:\/\/laravital.com\/blog\/pt-pt\/primavera-uma-estacao-de-alegria-e-precaucao-para-o-teu-animal-de-estimacao\/","url":"https:\/\/laravital.com\/blog\/pt-pt\/primavera-uma-estacao-de-alegria-e-precaucao-para-o-teu-animal-de-estimacao\/","name":"Primavera: Uma esta\u00e7\u00e3o de alegria e precau\u00e7\u00e3o para o teu animal de estima\u00e7\u00e3o - LaraVital Blog","isPartOf":{"@id":"https:\/\/laravital.wilfrido.es\/#website"},"primaryImageOfPage":{"@id":"https:\/\/laravital.com\/blog\/pt-pt\/primavera-uma-estacao-de-alegria-e-precaucao-para-o-teu-animal-de-estimacao\/#primaryimage"},"image":{"@id":"https:\/\/laravital.com\/blog\/pt-pt\/primavera-uma-estacao-de-alegria-e-precaucao-para-o-teu-animal-de-estimacao\/#primaryimage"},"thumbnailUrl":"https:\/\/laravital.com\/blog\/wp-content\/uploads\/2024\/03\/primavera-2024-laravital.png","datePublished":"2024-03-04T16:34:37+00:00","dateModified":"2025-11-20T15:47:52+00:00","breadcrumb":{"@id":"https:\/\/laravital.com\/blog\/pt-pt\/primavera-uma-estacao-de-alegria-e-precaucao-para-o-teu-animal-de-estimacao\/#breadcrumb"},"inLanguage":"pt-PT","potentialAction":[{"@type":"ReadAction","target":["https:\/\/laravital.com\/blog\/pt-pt\/primavera-uma-estacao-de-alegria-e-precaucao-para-o-teu-animal-de-estimacao\/"]}]},{"@type":"ImageObject","inLanguage":"pt-PT","@id":"https:\/\/laravital.com\/blog\/pt-pt\/primavera-uma-estacao-de-alegria-e-precaucao-para-o-teu-animal-de-estimacao\/#primaryimage","url":"https:\/\/laravital.com\/blog\/wp-content\/uploads\/2024\/03\/primavera-2024-laravital.png","contentUrl":"https:\/\/laravital.com\/blog\/wp-content\/uploads\/2024\/03\/primavera-2024-laravital.png","width":960,"height":338},{"@type":"BreadcrumbList","@id":"https:\/\/laravital.com\/blog\/pt-pt\/primavera-uma-estacao-de-alegria-e-precaucao-para-o-teu-animal-de-estimacao\/#breadcrumb","itemListElement":[{"@type":"ListItem","position":1,"name":"Portada","item":"https:\/\/laravital.com\/blog\/pt-pt\/blog\/"},{"@type":"ListItem","position":2,"name":"Primavera: Uma esta\u00e7\u00e3o de alegria e precau\u00e7\u00e3o para o teu animal de estima\u00e7\u00e3o"}]},{"@type":"WebSite","@id":"https:\/\/laravital.wilfrido.es\/#website","url":"https:\/\/laravital.wilfrido.es\/","name":"LaraVital Blog","description":"El blog canino m\u00e1s popular","publisher":{"@id":"https:\/\/laravital.wilfrido.es\/#organization"},"potentialAction":[{"@type":"SearchAction","target":{"@type":"EntryPoint","urlTemplate":"https:\/\/laravital.wilfrido.es\/?s={search_term_string}"},"query-input":{"@type":"PropertyValueSpecification","valueRequired":true,"valueName":"search_term_string"}}],"inLanguage":"pt-PT"},{"@type":"Organization","@id":"https:\/\/laravital.wilfrido.es\/#organization","name":"Laravital.com","url":"https:\/\/laravital.wilfrido.es\/","logo":{"@type":"ImageObject","inLanguage":"pt-PT","@id":"https:\/\/laravital.wilfrido.es\/#\/schema\/logo\/image\/","url":"https:\/\/laravital.com\/blog\/wp-content\/uploads\/2023\/01\/cropped-cropped-laravital-logo.png","contentUrl":"https:\/\/laravital.com\/blog\/wp-content\/uploads\/2023\/01\/cropped-cropped-laravital-logo.png","width":370,"height":94,"caption":"Laravital.com"},"image":{"@id":"https:\/\/laravital.wilfrido.es\/#\/schema\/logo\/image\/"},"sameAs":["https:\/\/www.facebook.com\/laravitaltienda\/","https:\/\/x.com\/laravitales","https:\/\/www.instagram.com\/laravitales\/"]},{"@type":"Person","@id":"https:\/\/laravital.wilfrido.es\/#\/schema\/person\/5817cf374cceb7e63fa6867e91e89af4","name":"Laravital","image":{"@type":"ImageObject","inLanguage":"pt-PT","@id":"https:\/\/laravital.wilfrido.es\/#\/schema\/person\/image\/","url":"https:\/\/secure.gravatar.com\/avatar\/3a57529a2e8fc8805bc8d74cf4f18e9fceace5e3e746a9361dfb7d979838844e?s=96&d=mm&r=g","contentUrl":"https:\/\/secure.gravatar.com\/avatar\/3a57529a2e8fc8805bc8d74cf4f18e9fceace5e3e746a9361dfb7d979838844e?s=96&d=mm&r=g","caption":"Laravital"}}]}},"_links":{"self":[{"href":"https:\/\/laravital.com\/blog\/pt-pt\/wp-json\/wp\/v2\/posts\/1070","targetHints":{"allow":["GET"]}}],"collection":[{"href":"https:\/\/laravital.com\/blog\/pt-pt\/wp-json\/wp\/v2\/posts"}],"about":[{"href":"https:\/\/laravital.com\/blog\/pt-pt\/wp-json\/wp\/v2\/types\/post"}],"author":[{"embeddable":true,"href":"https:\/\/laravital.com\/blog\/pt-pt\/wp-json\/wp\/v2\/users\/5"}],"replies":[{"embeddable":true,"href":"https:\/\/laravital.com\/blog\/pt-pt\/wp-json\/wp\/v2\/comments?post=1070"}],"version-history":[{"count":1,"href":"https:\/\/laravital.com\/blog\/pt-pt\/wp-json\/wp\/v2\/posts\/1070\/revisions"}],"predecessor-version":[{"id":1071,"href":"https:\/\/laravital.com\/blog\/pt-pt\/wp-json\/wp\/v2\/posts\/1070\/revisions\/1071"}],"wp:featuredmedia":[{"embeddable":true,"href":"https:\/\/laravital.com\/blog\/pt-pt\/wp-json\/wp\/v2\/media\/885"}],"wp:attachment":[{"href":"https:\/\/laravital.com\/blog\/pt-pt\/wp-json\/wp\/v2\/media?parent=1070"}],"wp:term":[{"taxonomy":"category","embeddable":true,"href":"https:\/\/laravital.com\/blog\/pt-pt\/wp-json\/wp\/v2\/categories?post=1070"},{"taxonomy":"post_tag","embeddable":true,"href":"https:\/\/laravital.com\/blog\/pt-pt\/wp-json\/wp\/v2\/tags?post=1070"}],"curies":[{"name":"wp","href":"https:\/\/api.w.org\/{rel}","templated":true}]}}